{"id":212,"date":"2018-01-08T16:10:38","date_gmt":"2018-01-08T15:10:38","guid":{"rendered":"http:\/\/idea-i-do.be\/?p=212"},"modified":"2024-06-05T13:20:13","modified_gmt":"2024-06-05T11:20:13","slug":"voila-2018-une-tres-bonne-annee-a-tous","status":"publish","type":"post","link":"https:\/\/idea-i-do.be\/index.php\/2018\/01\/08\/voila-2018-une-tres-bonne-annee-a-tous\/","title":{"rendered":"Voil\u00e0 2018! Une tr\u00e8s bonne ann\u00e9e \u00e0 tous!"},"content":{"rendered":"<p>Le commencement d&rsquo;une ann\u00e9e extraordinaire? Un jour comme un autre, on change juste de chiffre? De nouvelles r\u00e9solutions? Ou pas! C&rsquo;est selon.<\/p>\n<p><em>Qu&rsquo;on le veuille ou non<\/em>, le temps passe, les ann\u00e9es filent, certains \u00ab\u00a0remplissent\u00a0\u00bb bien ce temps, d&rsquo;autres moins, ou &#8230; pas encore mais cherchent \u00e0 le remplir mieux.<\/p>\n<p><em>Qu&rsquo;on le veuille ou non<\/em>, ce temps est traduit, en image, par nos photos, nos textes &#8211; qui, en Helvetica, Garamond, Futura ou m\u00eame \u00e0 main lev\u00e9e, sont eux aussi \u00ab\u00a0images\u00a0\u00bb, nos illustrations, nos logos, nos enseignes, nos faire-parts, nos affiches, &#8230; et m\u00eame nos gribouillis d&rsquo;enfants! (Quoi? Vous vous \u00eates d\u00e9barrass\u00e9s des oeuvres de vos enfants? D\u00e9j\u00e0? Nooonn!!!&#8230;)<\/p>\n<p>Les images restent, et nous rappellent aux autres.<br \/>\n&#8230; Rappellent qui nous avons \u00e9t\u00e9, qui nous sommes, ou qui nous devenons.<\/p>\n<p>J&rsquo;esp\u00e8re que 2018 fera le plein de belles images, pour tous! Avec peut-\u00eatre&#8230; Idea I do en guise d&rsquo;outil&#8230;?<\/p>\n<p>Une excellente ann\u00e9e!<\/p>\n<p><a href=\"http:\/\/idea-i-do.be\/index.php\/2018\/01\/08\/voila-2018-une-tres-bonne-annee-a-tous\/bonne_annee-2018\/\" rel=\"attachment wp-att-213\"><img data-recalc-dims=\"1\" loading=\"lazy\" decoding=\"async\" data-attachment-id=\"213\" data-permalink=\"https:\/\/idea-i-do.be\/index.php\/2018\/01\/08\/voila-2018-une-tres-bonne-annee-a-tous\/bonne_annee-2018\/\" data-orig-file=\"https:\/\/i0.wp.com\/idea-i-do.be\/wp-content\/uploads\/2018\/01\/Bonne_annee-2018.png?fit=1122%2C1674&amp;ssl=1\" data-orig-size=\"1122,1674\" data-comments-opened=\"1\" data-image-meta=\"{&quot;aperture&quot;:&quot;0&quot;,&quot;credit&quot;:&quot;&quot;,&quot;camera&quot;:&quot;&quot;,&quot;caption&quot;:&quot;&quot;,&quot;created_timestamp&quot;:&quot;0&quot;,&quot;copyright&quot;:&quot;&quot;,&quot;focal_length&quot;:&quot;0&quot;,&quot;iso&quot;:&quot;0&quot;,&quot;shutter_speed&quot;:&quot;0&quot;,&quot;title&quot;:&quot;&quot;,&quot;orientation&quot;:&quot;0&quot;}\" data-image-title=\"Bonne_annee-2018\" data-image-description=\"\" data-image-caption=\"\" data-medium-file=\"https:\/\/i0.wp.com\/idea-i-do.be\/wp-content\/uploads\/2018\/01\/Bonne_annee-2018.png?fit=201%2C300&amp;ssl=1\" data-large-file=\"https:\/\/i0.wp.com\/idea-i-do.be\/wp-content\/uploads\/2018\/01\/Bonne_annee-2018.png?fit=525%2C784&amp;ssl=1\" class=\"aligncenter size-large wp-image-213\" src=\"https:\/\/i0.wp.com\/idea-i-do.be\/wp-content\/uploads\/2018\/01\/Bonne_annee-2018.png?resize=525%2C784\" alt=\"\" width=\"525\" height=\"784\" srcset=\"https:\/\/i0.wp.com\/idea-i-do.be\/wp-content\/uploads\/2018\/01\/Bonne_annee-2018.png?resize=686%2C1024&amp;ssl=1 686w, https:\/\/i0.wp.com\/idea-i-do.be\/wp-content\/uploads\/2018\/01\/Bonne_annee-2018.png?resize=201%2C300&amp;ssl=1 201w, https:\/\/i0.wp.com\/idea-i-do.be\/wp-content\/uploads\/2018\/01\/Bonne_annee-2018.png?resize=768%2C1146&amp;ssl=1 768w, https:\/\/i0.wp.com\/idea-i-do.be\/wp-content\/uploads\/2018\/01\/Bonne_annee-2018.png?w=1122&amp;ssl=1 1122w, https:\/\/i0.wp.com\/idea-i-do.be\/wp-content\/uploads\/2018\/01\/Bonne_annee-2018.png?w=1050 1050w\" sizes=\"auto, (max-width: 525px) 100vw, 525px\" \/><\/a><\/p>\n","protected":false},"excerpt":{"rendered":"<p>Le commencement d&rsquo;une ann\u00e9e extraordinaire? Un jour comme un autre, on change juste de chiffre? De nouvelles r\u00e9solutions? Ou pas! C&rsquo;est selon. Qu&rsquo;on le veuille ou non, le temps passe, les ann\u00e9es filent, certains \u00ab\u00a0remplissent\u00a0\u00bb bien ce temps, d&rsquo;autres moins, ou &#8230; pas encore mais cherchent \u00e0 le remplir mieux. Qu&rsquo;on le veuille ou non, &hellip; <\/p>\n<p class=\"link-more\"><a href=\"https:\/\/idea-i-do.be\/index.php\/2018\/01\/08\/voila-2018-une-tres-bonne-annee-a-tous\/\" class=\"more-link\">Continuer la lecture<span class=\"screen-reader-text\"> de &laquo;&nbsp;Voil\u00e0 2018! Une tr\u00e8s bonne ann\u00e9e \u00e0 tous!&nbsp;&raquo;<\/span><\/a><\/p>\n","protected":false},"author":1,"featured_media":0,"comment_status":"closed","ping_status":"closed","sticky":true,"template":"","format":"standard","meta":{"_monsterinsights_skip_tracking":false,"_monsterinsights_sitenote_active":false,"_monsterinsights_sitenote_note":"","_monsterinsights_sitenote_category":0,"_jetpack_memberships_contains_paid_content":false,"footnotes":"","jetpack_publicize_message":"","jetpack_publicize_feature_enabled":true,"jetpack_social_post_already_shared":false,"jetpack_social_options":{"image_generator_settings":{"template":"highway","default_image_id":0,"font":"","enabled":false},"version":2}},"categories":[4],"tags":[],"class_list":["post-212","post","type-post","status-publish","format-standard","hentry","category-news"],"jetpack_publicize_connections":[],"jetpack_featured_media_url":"","jetpack_sharing_enabled":true,"jetpack_shortlink":"https:\/\/wp.me\/p9OY7q-3q","jetpack-related-posts":[],"jetpack_likes_enabled":true,"_links":{"self":[{"href":"https:\/\/idea-i-do.be\/index.php\/wp-json\/wp\/v2\/posts\/212","targetHints":{"allow":["GET"]}}],"collection":[{"href":"https:\/\/idea-i-do.be\/index.php\/wp-json\/wp\/v2\/posts"}],"about":[{"href":"https:\/\/idea-i-do.be\/index.php\/wp-json\/wp\/v2\/types\/post"}],"author":[{"embeddable":true,"href":"https:\/\/idea-i-do.be\/index.php\/wp-json\/wp\/v2\/users\/1"}],"replies":[{"embeddable":true,"href":"https:\/\/idea-i-do.be\/index.php\/wp-json\/wp\/v2\/comments?post=212"}],"version-history":[{"count":4,"href":"https:\/\/idea-i-do.be\/index.php\/wp-json\/wp\/v2\/posts\/212\/revisions"}],"predecessor-version":[{"id":217,"href":"https:\/\/idea-i-do.be\/index.php\/wp-json\/wp\/v2\/posts\/212\/revisions\/217"}],"wp:attachment":[{"href":"https:\/\/idea-i-do.be\/index.php\/wp-json\/wp\/v2\/media?parent=212"}],"wp:term":[{"taxonomy":"category","embeddable":true,"href":"https:\/\/idea-i-do.be\/index.php\/wp-json\/wp\/v2\/categories?post=212"},{"taxonomy":"post_tag","embeddable":true,"href":"https:\/\/idea-i-do.be\/index.php\/wp-json\/wp\/v2\/tags?post=212"}],"curies":[{"name":"wp","href":"https:\/\/api.w.org\/{rel}","templated":true}]}}